{"id":1589,"date":"2020-03-10T11:34:24","date_gmt":"2020-03-10T11:34:24","guid":{"rendered":"http:\/\/programrazvoja.vojvodina.gov.rs\/?p=1589"},"modified":"2020-03-10T11:34:24","modified_gmt":"2020-03-10T11:34:24","slug":"%d1%98%d0%b0%d0%b2%d0%bd%d0%b8-%d0%be%d0%b3%d0%bb%d0%b0%d1%81-%d0%b7%d0%b0-%d0%b4%d0%be%d0%b4%d0%b5%d0%bb%d1%83-%d1%81%d1%83%d0%b1%d0%b2%d0%b5%d0%bd%d1%86%d0%b8%d1%98%d0%b0-%d0%b7%d0%b0-%d0%b7%d0%b0","status":"publish","type":"post","link":"https:\/\/programrazvoja.vojvodina.gov.rs\/rs\/%d1%98%d0%b0%d0%b2%d0%bd%d0%b8-%d0%be%d0%b3%d0%bb%d0%b0%d1%81-%d0%b7%d0%b0-%d0%b4%d0%be%d0%b4%d0%b5%d0%bb%d1%83-%d1%81%d1%83%d0%b1%d0%b2%d0%b5%d0%bd%d1%86%d0%b8%d1%98%d0%b0-%d0%b7%d0%b0-%d0%b7%d0%b0\/","title":{"rendered":"JAVNI OGLAS ZA DODELU SUBVENCIJA ZA ZAPO\u0160LJAVANJE NEZAPOSLENIH LICA U AP VOJVODINI U 2020. GODINI"},"content":{"rendered":"<p>Cilj Javnog oglasa je smanjenje nezaposlenosti, subvencionisanjem zapo\u0161ljavanja<br \/>\nnezaposelnih lica, prijavljenih na evidenciju Nacionalne slu\u017ebe za zapo\u0161ljavanje.<\/p>\n<p>Sekretarijat dodeljuje sredstva u ukupnom iznosu od 45.000.000,00 dinara.<br \/>\nSubvencija za zapo\u0161ljavanje nezaposlenih lica dodeljuje se<br \/>\nposlodavcu za subvencionisanje iznosa poreza i doprinosa za 12 meseci ugovorne obaveze,<br \/>\nodnosno u iznosu od 208.000,00 dinara po licu.<br \/>\nSubvencija se ispla\u0107uje u najmanje dve rate, u skladu sa prilivom sredstava u bud\u017eet AP<br \/>\nVojvodine.<br \/>\nPoslodavac mo\u017ee maksimalno ostvariti subvenciju za zapo\u0161ljavanje do 5 lica.<\/p>\n<p>Preuzmite:<\/p>\n<ul>\n<li><a href=\"http:\/\/www.spriv.vojvodina.gov.rs\/images\/konkursi\/TEKST%20JAVNOG%20POZIVA%20ZA%20DODELU%20SUBVENCIJA%20ZA%20ZAPOSLJAVANJE%20NEZAPOSLENIH%20LICA%20U%20APV%20U%202020%20GODINI.pdf\" target=\"_blank\" rel=\"noopener noreferrer\">Tekst konkursa<\/a><\/li>\n<\/ul>\n<p>&nbsp;<\/p>","protected":false},"excerpt":{"rendered":"<div class=\"mh-excerpt\"><p>Cilj Javnog oglasa je smanjenje nezaposlenosti, subvencionisanjem zapo\u0161ljavanja nezaposelnih lica, prijavljenih na evidenciju Nacionalne slu\u017ebe za zapo\u0161ljavanje. Sekretarijat dodeljuje sredstva u ukupnom iznosu od 45.000.000,00 <a class=\"mh-excerpt-more\" href=\"https:\/\/programrazvoja.vojvodina.gov.rs\/rs\/%d1%98%d0%b0%d0%b2%d0%bd%d0%b8-%d0%be%d0%b3%d0%bb%d0%b0%d1%81-%d0%b7%d0%b0-%d0%b4%d0%be%d0%b4%d0%b5%d0%bb%d1%83-%d1%81%d1%83%d0%b1%d0%b2%d0%b5%d0%bd%d1%86%d0%b8%d1%98%d0%b0-%d0%b7%d0%b0-%d0%b7%d0%b0\/\" title=\"JAVNI OGLAS ZA DODELU SUBVENCIJA ZA ZAPO\u0160LJAVANJE NEZAPOSLENIH LICA U AP VOJVODINI U 2020. GODINI\">[&#8230;]<\/a><\/p>\n<\/div>","protected":false},"author":6,"featured_media":1559,"comment_status":"closed","ping_status":"open","sticky":false,"template":"","format":"standard","meta":{"_monsterinsights_skip_tracking":false,"_monsterinsights_sitenote_active":false,"_monsterinsights_sitenote_note":"","_monsterinsights_sitenote_category":0,"footnotes":""},"categories":[10],"tags":[],"class_list":["post-1589","post","type-post","status-publish","format-standard","has-post-thumbnail","hentry","category-aktuelnosti"],"yoast_head":"<!-- This site is optimized with the Yoast SEO plugin v27.4 - https:\/\/yoast.com\/product\/yoast-seo-wordpress\/ -->\n<title>JAVNI OGLAS ZA DODELU SUBVENCIJA ZA ZAPO\u0160LJAVANJE NEZAPOSLENIH LICA U AP VOJVODINI U 2020. GODINI - Program razvoja AP Vojvodine 2014-2020<\/title>\n<meta name=\"robots\" content=\"index, follow, max-snippet:-1, max-image-preview:large, max-video-preview:-1\" \/>\n<link rel=\"canonical\" href=\"https:\/\/programrazvoja.vojvodina.gov.rs\/rs\/\u0458\u0430\u0432\u043d\u0438-\u043e\u0433\u043b\u0430\u0441-\u0437\u0430-\u0434\u043e\u0434\u0435\u043b\u0443-\u0441\u0443\u0431\u0432\u0435\u043d\u0446\u0438\u0458\u0430-\u0437\u0430-\u0437\u0430\/\" \/>\n<meta property=\"og:locale\" content=\"en_US\" \/>\n<meta property=\"og:type\" content=\"article\" \/>\n<meta property=\"og:title\" content=\"JAVNI OGLAS ZA DODELU SUBVENCIJA ZA ZAPO\u0160LJAVANJE NEZAPOSLENIH LICA U AP VOJVODINI U 2020. GODINI - Program razvoja AP Vojvodine 2014-2020\" \/>\n<meta property=\"og:description\" content=\"Cilj Javnog oglasa je smanjenje nezaposlenosti, subvencionisanjem zapo\u0161ljavanja nezaposelnih lica, prijavljenih na evidenciju Nacionalne slu\u017ebe za zapo\u0161ljavanje. Sekretarijat dodeljuje sredstva u ukupnom iznosu od 45.000.000,00 [...]\" \/>\n<meta property=\"og:url\" content=\"https:\/\/programrazvoja.vojvodina.gov.rs\/rs\/\u0458\u0430\u0432\u043d\u0438-\u043e\u0433\u043b\u0430\u0441-\u0437\u0430-\u0434\u043e\u0434\u0435\u043b\u0443-\u0441\u0443\u0431\u0432\u0435\u043d\u0446\u0438\u0458\u0430-\u0437\u0430-\u0437\u0430\/\" \/>\n<meta property=\"og:site_name\" content=\"Program razvoja AP Vojvodine 2014-2020\" \/>\n<meta property=\"article:published_time\" content=\"2020-03-10T11:34:24+00:00\" \/>\n<meta property=\"og:image\" content=\"https:\/\/programrazvoja.vojvodina.gov.rs\/wp-content\/uploads\/2019\/12\/konkurs.png\" \/>\n\t<meta property=\"og:image:width\" content=\"321\" \/>\n\t<meta property=\"og:image:height\" content=\"146\" \/>\n\t<meta property=\"og:image:type\" content=\"image\/png\" \/>\n<meta name=\"author\" content=\"Olivera Kantar\" \/>\n<meta name=\"twitter:card\" content=\"summary_large_image\" \/>\n<meta name=\"twitter:label1\" content=\"Written by\" \/>\n\t<meta name=\"twitter:data1\" content=\"Olivera Kantar\" \/>\n<script type=\"application\/ld+json\" class=\"yoast-schema-graph\">{\"@context\":\"https:\\\/\\\/schema.org\",\"@graph\":[{\"@type\":\"Article\",\"@id\":\"https:\\\/\\\/programrazvoja.vojvodina.gov.rs\\\/%d1%98%d0%b0%d0%b2%d0%bd%d0%b8-%d0%be%d0%b3%d0%bb%d0%b0%d1%81-%d0%b7%d0%b0-%d0%b4%d0%be%d0%b4%d0%b5%d0%bb%d1%83-%d1%81%d1%83%d0%b1%d0%b2%d0%b5%d0%bd%d1%86%d0%b8%d1%98%d0%b0-%d0%b7%d0%b0-%d0%b7%d0%b0\\\/#article\",\"isPartOf\":{\"@id\":\"https:\\\/\\\/programrazvoja.vojvodina.gov.rs\\\/%d1%98%d0%b0%d0%b2%d0%bd%d0%b8-%d0%be%d0%b3%d0%bb%d0%b0%d1%81-%d0%b7%d0%b0-%d0%b4%d0%be%d0%b4%d0%b5%d0%bb%d1%83-%d1%81%d1%83%d0%b1%d0%b2%d0%b5%d0%bd%d1%86%d0%b8%d1%98%d0%b0-%d0%b7%d0%b0-%d0%b7%d0%b0\\\/\"},\"author\":{\"name\":\"Olivera Kantar\",\"@id\":\"https:\\\/\\\/programrazvoja.vojvodina.gov.rs\\\/#\\\/schema\\\/person\\\/9d1ca27d6a934dfd08803169771c795b\"},\"headline\":\"JAVNI OGLAS ZA DODELU SUBVENCIJA ZA ZAPO\u0160LJAVANJE NEZAPOSLENIH LICA U AP VOJVODINI U 2020. GODINI\",\"datePublished\":\"2020-03-10T11:34:24+00:00\",\"mainEntityOfPage\":{\"@id\":\"https:\\\/\\\/programrazvoja.vojvodina.gov.rs\\\/%d1%98%d0%b0%d0%b2%d0%bd%d0%b8-%d0%be%d0%b3%d0%bb%d0%b0%d1%81-%d0%b7%d0%b0-%d0%b4%d0%be%d0%b4%d0%b5%d0%bb%d1%83-%d1%81%d1%83%d0%b1%d0%b2%d0%b5%d0%bd%d1%86%d0%b8%d1%98%d0%b0-%d0%b7%d0%b0-%d0%b7%d0%b0\\\/\"},\"wordCount\":199,\"image\":{\"@id\":\"https:\\\/\\\/programrazvoja.vojvodina.gov.rs\\\/%d1%98%d0%b0%d0%b2%d0%bd%d0%b8-%d0%be%d0%b3%d0%bb%d0%b0%d1%81-%d0%b7%d0%b0-%d0%b4%d0%be%d0%b4%d0%b5%d0%bb%d1%83-%d1%81%d1%83%d0%b1%d0%b2%d0%b5%d0%bd%d1%86%d0%b8%d1%98%d0%b0-%d0%b7%d0%b0-%d0%b7%d0%b0\\\/#primaryimage\"},\"thumbnailUrl\":\"https:\\\/\\\/programrazvoja.vojvodina.gov.rs\\\/wp-content\\\/uploads\\\/2019\\\/12\\\/konkurs.png\",\"articleSection\":[\"Aktuelnosti\"],\"inLanguage\":\"rs-RS\"},{\"@type\":\"WebPage\",\"@id\":\"https:\\\/\\\/programrazvoja.vojvodina.gov.rs\\\/rs\\\/%d1%98%d0%b0%d0%b2%d0%bd%d0%b8-%d0%be%d0%b3%d0%bb%d0%b0%d1%81-%d0%b7%d0%b0-%d0%b4%d0%be%d0%b4%d0%b5%d0%bb%d1%83-%d1%81%d1%83%d0%b1%d0%b2%d0%b5%d0%bd%d1%86%d0%b8%d1%98%d0%b0-%d0%b7%d0%b0-%d0%b7%d0%b0\\\/\",\"url\":\"https:\\\/\\\/programrazvoja.vojvodina.gov.rs\\\/rs\\\/%d1%98%d0%b0%d0%b2%d0%bd%d0%b8-%d0%be%d0%b3%d0%bb%d0%b0%d1%81-%d0%b7%d0%b0-%d0%b4%d0%be%d0%b4%d0%b5%d0%bb%d1%83-%d1%81%d1%83%d0%b1%d0%b2%d0%b5%d0%bd%d1%86%d0%b8%d1%98%d0%b0-%d0%b7%d0%b0-%d0%b7%d0%b0\\\/\",\"name\":\"JAVNI OGLAS ZA DODELU SUBVENCIJA ZA ZAPO\u0160LJAVANJE NEZAPOSLENIH LICA U AP VOJVODINI U 2020. GODINI - Program razvoja AP Vojvodine 2014-2020\",\"isPartOf\":{\"@id\":\"https:\\\/\\\/programrazvoja.vojvodina.gov.rs\\\/rs\\\/#website\"},\"primaryImageOfPage\":{\"@id\":\"https:\\\/\\\/programrazvoja.vojvodina.gov.rs\\\/rs\\\/%d1%98%d0%b0%d0%b2%d0%bd%d0%b8-%d0%be%d0%b3%d0%bb%d0%b0%d1%81-%d0%b7%d0%b0-%d0%b4%d0%be%d0%b4%d0%b5%d0%bb%d1%83-%d1%81%d1%83%d0%b1%d0%b2%d0%b5%d0%bd%d1%86%d0%b8%d1%98%d0%b0-%d0%b7%d0%b0-%d0%b7%d0%b0\\\/#primaryimage\"},\"image\":{\"@id\":\"https:\\\/\\\/programrazvoja.vojvodina.gov.rs\\\/%d1%98%d0%b0%d0%b2%d0%bd%d0%b8-%d0%be%d0%b3%d0%bb%d0%b0%d1%81-%d0%b7%d0%b0-%d0%b4%d0%be%d0%b4%d0%b5%d0%bb%d1%83-%d1%81%d1%83%d0%b1%d0%b2%d0%b5%d0%bd%d1%86%d0%b8%d1%98%d0%b0-%d0%b7%d0%b0-%d0%b7%d0%b0\\\/#primaryimage\"},\"thumbnailUrl\":\"https:\\\/\\\/programrazvoja.vojvodina.gov.rs\\\/wp-content\\\/uploads\\\/2019\\\/12\\\/konkurs.png\",\"datePublished\":\"2020-03-10T11:34:24+00:00\",\"author\":{\"@id\":\"https:\\\/\\\/programrazvoja.vojvodina.gov.rs\\\/#\\\/schema\\\/person\\\/9d1ca27d6a934dfd08803169771c795b\"},\"breadcrumb\":{\"@id\":\"https:\\\/\\\/programrazvoja.vojvodina.gov.rs\\\/rs\\\/%d1%98%d0%b0%d0%b2%d0%bd%d0%b8-%d0%be%d0%b3%d0%bb%d0%b0%d1%81-%d0%b7%d0%b0-%d0%b4%d0%be%d0%b4%d0%b5%d0%bb%d1%83-%d1%81%d1%83%d0%b1%d0%b2%d0%b5%d0%bd%d1%86%d0%b8%d1%98%d0%b0-%d0%b7%d0%b0-%d0%b7%d0%b0\\\/#breadcrumb\"},\"inLanguage\":\"rs-RS\",\"potentialAction\":[{\"@type\":\"ReadAction\",\"target\":[[\"https:\\\/\\\/programrazvoja.vojvodina.gov.rs\\\/rs\\\/%d1%98%d0%b0%d0%b2%d0%bd%d0%b8-%d0%be%d0%b3%d0%bb%d0%b0%d1%81-%d0%b7%d0%b0-%d0%b4%d0%be%d0%b4%d0%b5%d0%bb%d1%83-%d1%81%d1%83%d0%b1%d0%b2%d0%b5%d0%bd%d1%86%d0%b8%d1%98%d0%b0-%d0%b7%d0%b0-%d0%b7%d0%b0\\\/\"]]}]},{\"@type\":\"ImageObject\",\"inLanguage\":\"rs-RS\",\"@id\":\"https:\\\/\\\/programrazvoja.vojvodina.gov.rs\\\/rs\\\/%d1%98%d0%b0%d0%b2%d0%bd%d0%b8-%d0%be%d0%b3%d0%bb%d0%b0%d1%81-%d0%b7%d0%b0-%d0%b4%d0%be%d0%b4%d0%b5%d0%bb%d1%83-%d1%81%d1%83%d0%b1%d0%b2%d0%b5%d0%bd%d1%86%d0%b8%d1%98%d0%b0-%d0%b7%d0%b0-%d0%b7%d0%b0\\\/#primaryimage\",\"url\":\"https:\\\/\\\/programrazvoja.vojvodina.gov.rs\\\/wp-content\\\/uploads\\\/2019\\\/12\\\/konkurs.png\",\"contentUrl\":\"https:\\\/\\\/programrazvoja.vojvodina.gov.rs\\\/wp-content\\\/uploads\\\/2019\\\/12\\\/konkurs.png\",\"width\":321,\"height\":146,\"caption\":\"konkurs\"},{\"@type\":\"BreadcrumbList\",\"@id\":\"https:\\\/\\\/programrazvoja.vojvodina.gov.rs\\\/rs\\\/%d1%98%d0%b0%d0%b2%d0%bd%d0%b8-%d0%be%d0%b3%d0%bb%d0%b0%d1%81-%d0%b7%d0%b0-%d0%b4%d0%be%d0%b4%d0%b5%d0%bb%d1%83-%d1%81%d1%83%d0%b1%d0%b2%d0%b5%d0%bd%d1%86%d0%b8%d1%98%d0%b0-%d0%b7%d0%b0-%d0%b7%d0%b0\\\/#breadcrumb\",\"itemListElement\":[{\"@type\":\"ListItem\",\"position\":1,\"name\":\"Home\",\"item\":\"https:\\\/\\\/programrazvoja.vojvodina.gov.rs\\\/rs\\\/\"},{\"@type\":\"ListItem\",\"position\":2,\"name\":\"\u0408\u0410\u0412\u041d\u0418 \u041e\u0413\u041b\u0410\u0421 \u0417\u0410 \u0414\u041e\u0414\u0415\u041b\u0423 \u0421\u0423\u0411\u0412\u0415\u041d\u0426\u0418\u0408\u0410 \u0417\u0410 \u0417\u0410\u041f\u041e\u0428\u0409\u0410\u0412\u0410\u040a\u0415 \u041d\u0415\u0417\u0410\u041f\u041e\u0421\u041b\u0415\u041d\u0418\u0425 \u041b\u0418\u0426\u0410 \u0423 \u0410\u041f \u0412\u041e\u0408\u0412\u041e\u0414\u0418\u041d\u0418 \u0423 2020. \u0413\u041e\u0414\u0418\u041d\u0418\"}]},{\"@type\":\"WebSite\",\"@id\":\"https:\\\/\\\/programrazvoja.vojvodina.gov.rs\\\/rs\\\/#website\",\"url\":\"https:\\\/\\\/programrazvoja.vojvodina.gov.rs\\\/rs\\\/\",\"name\":\"Program razvoja AP Vojvodine 2014-2020\",\"description\":\"Program razvoja AP Vojvodine 2014-2020\",\"potentialAction\":[{\"@type\":\"SearchAction\",\"target\":{\"@type\":\"EntryPoint\",\"urlTemplate\":\"https:\\\/\\\/programrazvoja.vojvodina.gov.rs\\\/rs\\\/?s={search_term_string}\"},\"query-input\":{\"@type\":\"PropertyValueSpecification\",\"valueRequired\":true,\"valueName\":\"search_term_string\"}}],\"inLanguage\":\"rs-RS\"},{\"@type\":\"Person\",\"@id\":\"https:\\\/\\\/programrazvoja.vojvodina.gov.rs\\\/#\\\/schema\\\/person\\\/9d1ca27d6a934dfd08803169771c795b\",\"name\":\"Olivera Kantar\",\"image\":{\"@type\":\"ImageObject\",\"inLanguage\":\"rs-RS\",\"@id\":\"https:\\\/\\\/secure.gravatar.com\\\/avatar\\\/d7beb53c55b417b954b234ae7d629cafa4198a5b5fd7f200a3d04d0be23bab0c?s=96&d=mm&r=g\",\"url\":\"https:\\\/\\\/secure.gravatar.com\\\/avatar\\\/d7beb53c55b417b954b234ae7d629cafa4198a5b5fd7f200a3d04d0be23bab0c?s=96&d=mm&r=g\",\"contentUrl\":\"https:\\\/\\\/secure.gravatar.com\\\/avatar\\\/d7beb53c55b417b954b234ae7d629cafa4198a5b5fd7f200a3d04d0be23bab0c?s=96&d=mm&r=g\",\"caption\":\"Olivera Kantar\"},\"url\":\"https:\\\/\\\/programrazvoja.vojvodina.gov.rs\\\/rs\\\/author\\\/olivera\\\/\"}]}<\/script>\n<!-- \/ Yoast SEO plugin. -->","yoast_head_json":{"title":"JAVNI OGLAS ZA DODELU SUBVENCIJA ZA ZAPO\u0160LJAVANJE NEZAPOSLENIH LICA U AP VOJVODINI U 2020. GODINI - Program razvoja AP Vojvodine 2014-2020","robots":{"index":"index","follow":"follow","max-snippet":"max-snippet:-1","max-image-preview":"max-image-preview:large","max-video-preview":"max-video-preview:-1"},"canonical":"https:\/\/programrazvoja.vojvodina.gov.rs\/rs\/\u0458\u0430\u0432\u043d\u0438-\u043e\u0433\u043b\u0430\u0441-\u0437\u0430-\u0434\u043e\u0434\u0435\u043b\u0443-\u0441\u0443\u0431\u0432\u0435\u043d\u0446\u0438\u0458\u0430-\u0437\u0430-\u0437\u0430\/","og_locale":"en_US","og_type":"article","og_title":"JAVNI OGLAS ZA DODELU SUBVENCIJA ZA ZAPO\u0160LJAVANJE NEZAPOSLENIH LICA U AP VOJVODINI U 2020. GODINI - Program razvoja AP Vojvodine 2014-2020","og_description":"Cilj Javnog oglasa je smanjenje nezaposlenosti, subvencionisanjem zapo\u0161ljavanja nezaposelnih lica, prijavljenih na evidenciju Nacionalne slu\u017ebe za zapo\u0161ljavanje. Sekretarijat dodeljuje sredstva u ukupnom iznosu od 45.000.000,00 [...]","og_url":"https:\/\/programrazvoja.vojvodina.gov.rs\/rs\/\u0458\u0430\u0432\u043d\u0438-\u043e\u0433\u043b\u0430\u0441-\u0437\u0430-\u0434\u043e\u0434\u0435\u043b\u0443-\u0441\u0443\u0431\u0432\u0435\u043d\u0446\u0438\u0458\u0430-\u0437\u0430-\u0437\u0430\/","og_site_name":"Program razvoja AP Vojvodine 2014-2020","article_published_time":"2020-03-10T11:34:24+00:00","og_image":[{"width":321,"height":146,"url":"https:\/\/programrazvoja.vojvodina.gov.rs\/wp-content\/uploads\/2019\/12\/konkurs.png","type":"image\/png"}],"author":"Olivera Kantar","twitter_card":"summary_large_image","twitter_misc":{"Written by":"Olivera Kantar"},"schema":{"@context":"https:\/\/schema.org","@graph":[{"@type":"Article","@id":"https:\/\/programrazvoja.vojvodina.gov.rs\/%d1%98%d0%b0%d0%b2%d0%bd%d0%b8-%d0%be%d0%b3%d0%bb%d0%b0%d1%81-%d0%b7%d0%b0-%d0%b4%d0%be%d0%b4%d0%b5%d0%bb%d1%83-%d1%81%d1%83%d0%b1%d0%b2%d0%b5%d0%bd%d1%86%d0%b8%d1%98%d0%b0-%d0%b7%d0%b0-%d0%b7%d0%b0\/#article","isPartOf":{"@id":"https:\/\/programrazvoja.vojvodina.gov.rs\/%d1%98%d0%b0%d0%b2%d0%bd%d0%b8-%d0%be%d0%b3%d0%bb%d0%b0%d1%81-%d0%b7%d0%b0-%d0%b4%d0%be%d0%b4%d0%b5%d0%bb%d1%83-%d1%81%d1%83%d0%b1%d0%b2%d0%b5%d0%bd%d1%86%d0%b8%d1%98%d0%b0-%d0%b7%d0%b0-%d0%b7%d0%b0\/"},"author":{"name":"Olivera Kantar","@id":"https:\/\/programrazvoja.vojvodina.gov.rs\/#\/schema\/person\/9d1ca27d6a934dfd08803169771c795b"},"headline":"JAVNI OGLAS ZA DODELU SUBVENCIJA ZA ZAPO\u0160LJAVANJE NEZAPOSLENIH LICA U AP VOJVODINI U 2020. GODINI","datePublished":"2020-03-10T11:34:24+00:00","mainEntityOfPage":{"@id":"https:\/\/programrazvoja.vojvodina.gov.rs\/%d1%98%d0%b0%d0%b2%d0%bd%d0%b8-%d0%be%d0%b3%d0%bb%d0%b0%d1%81-%d0%b7%d0%b0-%d0%b4%d0%be%d0%b4%d0%b5%d0%bb%d1%83-%d1%81%d1%83%d0%b1%d0%b2%d0%b5%d0%bd%d1%86%d0%b8%d1%98%d0%b0-%d0%b7%d0%b0-%d0%b7%d0%b0\/"},"wordCount":199,"image":{"@id":"https:\/\/programrazvoja.vojvodina.gov.rs\/%d1%98%d0%b0%d0%b2%d0%bd%d0%b8-%d0%be%d0%b3%d0%bb%d0%b0%d1%81-%d0%b7%d0%b0-%d0%b4%d0%be%d0%b4%d0%b5%d0%bb%d1%83-%d1%81%d1%83%d0%b1%d0%b2%d0%b5%d0%bd%d1%86%d0%b8%d1%98%d0%b0-%d0%b7%d0%b0-%d0%b7%d0%b0\/#primaryimage"},"thumbnailUrl":"https:\/\/programrazvoja.vojvodina.gov.rs\/wp-content\/uploads\/2019\/12\/konkurs.png","articleSection":["Aktuelnosti"],"inLanguage":"rs-RS"},{"@type":"WebPage","@id":"https:\/\/programrazvoja.vojvodina.gov.rs\/rs\/%d1%98%d0%b0%d0%b2%d0%bd%d0%b8-%d0%be%d0%b3%d0%bb%d0%b0%d1%81-%d0%b7%d0%b0-%d0%b4%d0%be%d0%b4%d0%b5%d0%bb%d1%83-%d1%81%d1%83%d0%b1%d0%b2%d0%b5%d0%bd%d1%86%d0%b8%d1%98%d0%b0-%d0%b7%d0%b0-%d0%b7%d0%b0\/","url":"https:\/\/programrazvoja.vojvodina.gov.rs\/rs\/%d1%98%d0%b0%d0%b2%d0%bd%d0%b8-%d0%be%d0%b3%d0%bb%d0%b0%d1%81-%d0%b7%d0%b0-%d0%b4%d0%be%d0%b4%d0%b5%d0%bb%d1%83-%d1%81%d1%83%d0%b1%d0%b2%d0%b5%d0%bd%d1%86%d0%b8%d1%98%d0%b0-%d0%b7%d0%b0-%d0%b7%d0%b0\/","name":"JAVNI OGLAS ZA DODELU SUBVENCIJA ZA ZAPO\u0160LJAVANJE NEZAPOSLENIH LICA U AP VOJVODINI U 2020. GODINI - Program razvoja AP Vojvodine 2014-2020","isPartOf":{"@id":"https:\/\/programrazvoja.vojvodina.gov.rs\/rs\/#website"},"primaryImageOfPage":{"@id":"https:\/\/programrazvoja.vojvodina.gov.rs\/rs\/%d1%98%d0%b0%d0%b2%d0%bd%d0%b8-%d0%be%d0%b3%d0%bb%d0%b0%d1%81-%d0%b7%d0%b0-%d0%b4%d0%be%d0%b4%d0%b5%d0%bb%d1%83-%d1%81%d1%83%d0%b1%d0%b2%d0%b5%d0%bd%d1%86%d0%b8%d1%98%d0%b0-%d0%b7%d0%b0-%d0%b7%d0%b0\/#primaryimage"},"image":{"@id":"https:\/\/programrazvoja.vojvodina.gov.rs\/%d1%98%d0%b0%d0%b2%d0%bd%d0%b8-%d0%be%d0%b3%d0%bb%d0%b0%d1%81-%d0%b7%d0%b0-%d0%b4%d0%be%d0%b4%d0%b5%d0%bb%d1%83-%d1%81%d1%83%d0%b1%d0%b2%d0%b5%d0%bd%d1%86%d0%b8%d1%98%d0%b0-%d0%b7%d0%b0-%d0%b7%d0%b0\/#primaryimage"},"thumbnailUrl":"https:\/\/programrazvoja.vojvodina.gov.rs\/wp-content\/uploads\/2019\/12\/konkurs.png","datePublished":"2020-03-10T11:34:24+00:00","author":{"@id":"https:\/\/programrazvoja.vojvodina.gov.rs\/#\/schema\/person\/9d1ca27d6a934dfd08803169771c795b"},"breadcrumb":{"@id":"https:\/\/programrazvoja.vojvodina.gov.rs\/rs\/%d1%98%d0%b0%d0%b2%d0%bd%d0%b8-%d0%be%d0%b3%d0%bb%d0%b0%d1%81-%d0%b7%d0%b0-%d0%b4%d0%be%d0%b4%d0%b5%d0%bb%d1%83-%d1%81%d1%83%d0%b1%d0%b2%d0%b5%d0%bd%d1%86%d0%b8%d1%98%d0%b0-%d0%b7%d0%b0-%d0%b7%d0%b0\/#breadcrumb"},"inLanguage":"rs-RS","potentialAction":[{"@type":"ReadAction","target":[["https:\/\/programrazvoja.vojvodina.gov.rs\/rs\/%d1%98%d0%b0%d0%b2%d0%bd%d0%b8-%d0%be%d0%b3%d0%bb%d0%b0%d1%81-%d0%b7%d0%b0-%d0%b4%d0%be%d0%b4%d0%b5%d0%bb%d1%83-%d1%81%d1%83%d0%b1%d0%b2%d0%b5%d0%bd%d1%86%d0%b8%d1%98%d0%b0-%d0%b7%d0%b0-%d0%b7%d0%b0\/"]]}]},{"@type":"ImageObject","inLanguage":"rs-RS","@id":"https:\/\/programrazvoja.vojvodina.gov.rs\/rs\/%d1%98%d0%b0%d0%b2%d0%bd%d0%b8-%d0%be%d0%b3%d0%bb%d0%b0%d1%81-%d0%b7%d0%b0-%d0%b4%d0%be%d0%b4%d0%b5%d0%bb%d1%83-%d1%81%d1%83%d0%b1%d0%b2%d0%b5%d0%bd%d1%86%d0%b8%d1%98%d0%b0-%d0%b7%d0%b0-%d0%b7%d0%b0\/#primaryimage","url":"https:\/\/programrazvoja.vojvodina.gov.rs\/wp-content\/uploads\/2019\/12\/konkurs.png","contentUrl":"https:\/\/programrazvoja.vojvodina.gov.rs\/wp-content\/uploads\/2019\/12\/konkurs.png","width":321,"height":146,"caption":"konkurs"},{"@type":"BreadcrumbList","@id":"https:\/\/programrazvoja.vojvodina.gov.rs\/rs\/%d1%98%d0%b0%d0%b2%d0%bd%d0%b8-%d0%be%d0%b3%d0%bb%d0%b0%d1%81-%d0%b7%d0%b0-%d0%b4%d0%be%d0%b4%d0%b5%d0%bb%d1%83-%d1%81%d1%83%d0%b1%d0%b2%d0%b5%d0%bd%d1%86%d0%b8%d1%98%d0%b0-%d0%b7%d0%b0-%d0%b7%d0%b0\/#breadcrumb","itemListElement":[{"@type":"ListItem","position":1,"name":"Home","item":"https:\/\/programrazvoja.vojvodina.gov.rs\/rs\/"},{"@type":"ListItem","position":2,"name":"\u0408\u0410\u0412\u041d\u0418 \u041e\u0413\u041b\u0410\u0421 \u0417\u0410 \u0414\u041e\u0414\u0415\u041b\u0423 \u0421\u0423\u0411\u0412\u0415\u041d\u0426\u0418\u0408\u0410 \u0417\u0410 \u0417\u0410\u041f\u041e\u0428\u0409\u0410\u0412\u0410\u040a\u0415 \u041d\u0415\u0417\u0410\u041f\u041e\u0421\u041b\u0415\u041d\u0418\u0425 \u041b\u0418\u0426\u0410 \u0423 \u0410\u041f \u0412\u041e\u0408\u0412\u041e\u0414\u0418\u041d\u0418 \u0423 2020. \u0413\u041e\u0414\u0418\u041d\u0418"}]},{"@type":"WebSite","@id":"https:\/\/programrazvoja.vojvodina.gov.rs\/rs\/#website","url":"https:\/\/programrazvoja.vojvodina.gov.rs\/rs\/","name":"Program razvoja AP Vojvodine 2014-2020","description":"Program razvoja AP Vojvodine 2014-2020","potentialAction":[{"@type":"SearchAction","target":{"@type":"EntryPoint","urlTemplate":"https:\/\/programrazvoja.vojvodina.gov.rs\/rs\/?s={search_term_string}"},"query-input":{"@type":"PropertyValueSpecification","valueRequired":true,"valueName":"search_term_string"}}],"inLanguage":"rs-RS"},{"@type":"Person","@id":"https:\/\/programrazvoja.vojvodina.gov.rs\/#\/schema\/person\/9d1ca27d6a934dfd08803169771c795b","name":"Olivera Kantar","image":{"@type":"ImageObject","inLanguage":"rs-RS","@id":"https:\/\/secure.gravatar.com\/avatar\/d7beb53c55b417b954b234ae7d629cafa4198a5b5fd7f200a3d04d0be23bab0c?s=96&d=mm&r=g","url":"https:\/\/secure.gravatar.com\/avatar\/d7beb53c55b417b954b234ae7d629cafa4198a5b5fd7f200a3d04d0be23bab0c?s=96&d=mm&r=g","contentUrl":"https:\/\/secure.gravatar.com\/avatar\/d7beb53c55b417b954b234ae7d629cafa4198a5b5fd7f200a3d04d0be23bab0c?s=96&d=mm&r=g","caption":"Olivera Kantar"},"url":"https:\/\/programrazvoja.vojvodina.gov.rs\/rs\/author\/olivera\/"}]}},"_links":{"self":[{"href":"https:\/\/programrazvoja.vojvodina.gov.rs\/rs\/wp-json\/wp\/v2\/posts\/1589","targetHints":{"allow":["GET"]}}],"collection":[{"href":"https:\/\/programrazvoja.vojvodina.gov.rs\/rs\/wp-json\/wp\/v2\/posts"}],"about":[{"href":"https:\/\/programrazvoja.vojvodina.gov.rs\/rs\/wp-json\/wp\/v2\/types\/post"}],"author":[{"embeddable":true,"href":"https:\/\/programrazvoja.vojvodina.gov.rs\/rs\/wp-json\/wp\/v2\/users\/6"}],"replies":[{"embeddable":true,"href":"https:\/\/programrazvoja.vojvodina.gov.rs\/rs\/wp-json\/wp\/v2\/comments?post=1589"}],"version-history":[{"count":0,"href":"https:\/\/programrazvoja.vojvodina.gov.rs\/rs\/wp-json\/wp\/v2\/posts\/1589\/revisions"}],"wp:featuredmedia":[{"embeddable":true,"href":"https:\/\/programrazvoja.vojvodina.gov.rs\/rs\/wp-json\/wp\/v2\/media\/1559"}],"wp:attachment":[{"href":"https:\/\/programrazvoja.vojvodina.gov.rs\/rs\/wp-json\/wp\/v2\/media?parent=1589"}],"wp:term":[{"taxonomy":"category","embeddable":true,"href":"https:\/\/programrazvoja.vojvodina.gov.rs\/rs\/wp-json\/wp\/v2\/categories?post=1589"},{"taxonomy":"post_tag","embeddable":true,"href":"https:\/\/programrazvoja.vojvodina.gov.rs\/rs\/wp-json\/wp\/v2\/tags?post=1589"}],"curies":[{"name":"wp","href":"https:\/\/api.w.org\/{rel}","templated":true}]}}